{"id":240,"date":"2020-09-04T14:09:25","date_gmt":"2020-09-04T12:09:25","guid":{"rendered":"http:\/\/tanzverein-baltica.de\/wordpress\/?p=240"},"modified":"2026-02-10T12:13:38","modified_gmt":"2026-02-10T10:13:38","slug":"mitgliedsbeitrage","status":"publish","type":"post","link":"https:\/\/tanzverein-baltica.de\/wordpress\/2020\/09\/mitgliedsbeitrage\/","title":{"rendered":"Mitgliedsbeitr\u00e4ge"},"content":{"rendered":"<p><strong>F\u00fcr aktive Mitglieder<\/strong><\/p>\n<p>Momentan wird eine Aufnahmegeb\u00fchr von 10 \u20ac erhoben.<\/p>\n<p>Der Mitgliedsbeitrag bel\u00e4uft sich auf 15 \u20ac pro Monat.<\/p>\n<p>F\u00fcr diesen Vereinsbeitrag darf in einer Gruppe getanzt werden.<\/p>\n<p><strong>F\u00fcr passive Mitglieder<\/strong><\/p>\n<p>Momentan wird eine Aufnahmegeb\u00fchr von 10 \u20ac erhoben.<\/p>\n<p>Der Mitgliedsbeitrag bel\u00e4uft sich auf 7,50 \u20ac pro Monat.<\/p>\n<p><strong>F\u00fcr f\u00f6rdernde Mitglieder<\/strong><\/p>\n<p>Hier ist eine pers\u00f6nliche Kontaktaufnahme erforderlich.<\/p>\n","protected":false},"excerpt":{"rendered":"<p>F\u00fcr aktive Mitglieder Momentan wird eine Aufnahmegeb\u00fchr von 10 \u20ac erhoben. Der Mitgliedsbeitrag bel\u00e4uft sich auf 15 \u20ac pro Monat. F\u00fcr diesen Vereinsbeitrag darf in einer Gruppe getanzt werden. F\u00fcr passive Mitglieder Momentan wird eine Aufnahmegeb\u00fchr von 10 \u20ac erhoben. &hellip; <a href=\"https:\/\/tanzverein-baltica.de\/wordpress\/2020\/09\/mitgliedsbeitrage\/\">Weiterlesen <span class=\"meta-nav\">&rarr;<\/span><\/a><\/p>\n","protected":false},"author":1,"featured_media":0,"comment_status":"closed","ping_status":"closed","sticky":false,"template":"","format":"standard","meta":{"footnotes":""},"categories":[1],"tags":[],"class_list":["post-240","post","type-post","status-publish","format-standard","hentry","category-neues-aus-dem-vereinsleben"],"_links":{"self":[{"href":"https:\/\/tanzverein-baltica.de\/wordpress\/wp-json\/wp\/v2\/posts\/240","targetHints":{"allow":["GET"]}}],"collection":[{"href":"https:\/\/tanzverein-baltica.de\/wordpress\/wp-json\/wp\/v2\/posts"}],"about":[{"href":"https:\/\/tanzverein-baltica.de\/wordpress\/wp-json\/wp\/v2\/types\/post"}],"author":[{"embeddable":true,"href":"https:\/\/tanzverein-baltica.de\/wordpress\/wp-json\/wp\/v2\/users\/1"}],"replies":[{"embeddable":true,"href":"https:\/\/tanzverein-baltica.de\/wordpress\/wp-json\/wp\/v2\/comments?post=240"}],"version-history":[{"count":10,"href":"https:\/\/tanzverein-baltica.de\/wordpress\/wp-json\/wp\/v2\/posts\/240\/revisions"}],"predecessor-version":[{"id":1365,"href":"https:\/\/tanzverein-baltica.de\/wordpress\/wp-json\/wp\/v2\/posts\/240\/revisions\/1365"}],"wp:attachment":[{"href":"https:\/\/tanzverein-baltica.de\/wordpress\/wp-json\/wp\/v2\/media?parent=240"}],"wp:term":[{"taxonomy":"category","embeddable":true,"href":"https:\/\/tanzverein-baltica.de\/wordpress\/wp-json\/wp\/v2\/categories?post=240"},{"taxonomy":"post_tag","embeddable":true,"href":"https:\/\/tanzverein-baltica.de\/wordpress\/wp-json\/wp\/v2\/tags?post=240"}],"curies":[{"name":"wp","href":"https:\/\/api.w.org\/{rel}","templated":true}]}}